{"id":8163,"date":"2025-04-16T16:38:46","date_gmt":"2025-04-16T19:38:46","guid":{"rendered":"https:\/\/www.federasul.com.br\/tanamesa\/?p=8163"},"modified":"2025-04-16T16:42:15","modified_gmt":"2025-04-16T19:42:15","slug":"federasul-expressa-preocupacao-com-o-descaso-enfrentado-pela-malha-ferroviaria-do-rio-grande-do-sul","status":"publish","type":"post","link":"https:\/\/www.federasul.com.br\/tanamesa\/2025\/04\/16\/federasul-expressa-preocupacao-com-o-descaso-enfrentado-pela-malha-ferroviaria-do-rio-grande-do-sul\/","title":{"rendered":"FEDERASUL expressa preocupa\u00e7\u00e3o com o descaso enfrentado pela malha ferrovi\u00e1ria do Rio Grande do Sul"},"content":{"rendered":"<p>O\u00a0<em>T\u00e1 na Mesa<\/em>\u00a0desta semana teve como pauta central o resgate das ferrovias ga\u00fachas<\/p>\n<p>O encontro contou com a participa\u00e7\u00e3o do vice-governador Gabriel Souza e do presidente da Frente Parlamentar das Ferrovias, deputado estadual Felipe Camozzato, que discutiram os desafios e perspectivas para o futuro desse modal no Sul do Brasil.<\/p>\n<div class=\"wp-block-image\">\n<figure class=\"alignleft size-large is-resized\"><img loading=\"lazy\" class=\"wp-image-4770\" src=\"https:\/\/federasul.com.br\/wp-content\/uploads\/2025\/04\/WhatsApp-Image-2025-04-16-at-16.15.45-1024x682.jpeg\" sizes=\"(max-width: 1024px) 100vw, 1024px\" srcset=\"https:\/\/federasul.com.br\/wp-content\/uploads\/2025\/04\/WhatsApp-Image-2025-04-16-at-16.15.45-1024x682.jpeg 1024w, https:\/\/federasul.com.br\/wp-content\/uploads\/2025\/04\/WhatsApp-Image-2025-04-16-at-16.15.45-300x200.jpeg 300w, https:\/\/federasul.com.br\/wp-content\/uploads\/2025\/04\/WhatsApp-Image-2025-04-16-at-16.15.45-768x512.jpeg 768w, https:\/\/federasul.com.br\/wp-content\/uploads\/2025\/04\/WhatsApp-Image-2025-04-16-at-16.15.45-1536x1023.jpeg 1536w, https:\/\/federasul.com.br\/wp-content\/uploads\/2025\/04\/WhatsApp-Image-2025-04-16-at-16.15.45.jpeg 1600w\" alt=\"\" width=\"369\" height=\"246\" \/><\/figure>\n<\/div>\n<p>&nbsp;<\/p>\n<p>&nbsp;<\/p>\n<p>&nbsp;<\/p>\n<p>&nbsp;<\/p>\n<p>&nbsp;<\/p>\n<p>&nbsp;<\/p>\n<p>O tema \u00e9 motivo de grande preocupa\u00e7\u00e3o para a FEDERASUL, que cobra uma atua\u00e7\u00e3o mais respons\u00e1vel da concession\u00e1ria Rumo Malha Sul. O presidente da entidade, Rodrigo Sousa Costa, foi enf\u00e1tico:\u00a0<em>\u201c\u00c9 inaceit\u00e1vel o desrespeito com que a concession\u00e1ria tem tratado o Estado. H\u00e1 mais de 25 anos, a concess\u00e3o ferrovi\u00e1ria deixa de cumprir seu papel de servi\u00e7o p\u00fablico.\u201d<\/em><\/p>\n<p>Costa ressaltou que, mesmo antes da trag\u00e9dia clim\u00e1tica, a ferrovia j\u00e1 se encontrava em estado cr\u00edtico \u2014 cen\u00e1rio que se agravou ainda mais nos \u00faltimos meses.<\/p>\n<p><em>\u201cN\u00e3o podemos mais conviver com uma concess\u00e3o mal-sucedida. Ap\u00f3s todo o esfor\u00e7o de reconstru\u00e7\u00e3o p\u00f3s-trag\u00e9dia, este \u00e9 o momento de acelerar todas as iniciativas poss\u00edveis. N\u00e3o h\u00e1 espa\u00e7o para prorrogar um contrato com uma empresa que sistematicamente falha em nos atender.\u201d<\/em><\/p>\n<p><em>Antes do T\u00e1 na Mesa, o presidente Rodrigo Sousa Costa recebeu na reuni\u00e3o de diretoria da FEDERASUL lideran\u00e7as do Estado de Santa Catarina para acompanhar o andamento do planejamento ferrovi\u00e1rio do estado vizinho.<\/em><\/p>\n<div class=\"wp-block-image\">\n<figure class=\"alignleft size-large is-resized\"><img loading=\"lazy\" class=\"alignnone wp-image-8168 size-medium\" src=\"https:\/\/www.federasul.com.br\/tanamesa\/wp-content\/uploads\/2025\/04\/WhatsApp-Image-2025-04-16-at-16.41.26-300x200.jpeg\" alt=\"\" width=\"300\" height=\"200\" srcset=\"https:\/\/www.federasul.com.br\/tanamesa\/wp-content\/uploads\/2025\/04\/WhatsApp-Image-2025-04-16-at-16.41.26-300x200.jpeg 300w, https:\/\/www.federasul.com.br\/tanamesa\/wp-content\/uploads\/2025\/04\/WhatsApp-Image-2025-04-16-at-16.41.26-1024x682.jpeg 1024w, https:\/\/www.federasul.com.br\/tanamesa\/wp-content\/uploads\/2025\/04\/WhatsApp-Image-2025-04-16-at-16.41.26-768x512.jpeg 768w, https:\/\/www.federasul.com.br\/tanamesa\/wp-content\/uploads\/2025\/04\/WhatsApp-Image-2025-04-16-at-16.41.26-1536x1023.jpeg 1536w, https:\/\/www.federasul.com.br\/tanamesa\/wp-content\/uploads\/2025\/04\/WhatsApp-Image-2025-04-16-at-16.41.26.jpeg 1600w\" sizes=\"(max-width: 300px) 100vw, 300px\" \/><\/figure>\n<\/div>\n<p>O vice-governador Gabriel Souza tamb\u00e9m classificou como \u201cdesrespeitoso\u201d o tratamento da Rumo em rela\u00e7\u00e3o ao Rio Grande do Sul:\u00a0<em>\u201cA empresa demonstra interesse apenas no Paran\u00e1. Seremos contr\u00e1rios \u00e0 prorroga\u00e7\u00e3o desse contrato\u201d, afirmou.<\/em><\/p>\n<h3 class=\"wp-block-heading\"><strong>Diagn\u00f3stico: perda de competitividade e abandono da infraestrutura<\/strong><\/h3>\n<p>Durante sua fala, Gabriel Souza apresentou um diagn\u00f3stico sobre a atual situa\u00e7\u00e3o das ferrovias ga\u00fachas. Ele lembrou que o contrato de concess\u00e3o, firmado em 1997, termina em 2027 \u2014 e que agora \u00e9 o momento de tomar decis\u00f5es estrat\u00e9gicas.<\/p>\n<p>Entre os dados destacados:<\/p>\n<ul class=\"wp-block-list\">\n<li>Queda de quase 50% na movimenta\u00e7\u00e3o de cargas pelas ferrovias do RS nos \u00faltimos 18 anos;<\/li>\n<li>Aus\u00eancia de transporte ferrovi\u00e1rio de cont\u00eaineres e produtos sider\u00fargicos, que em 2013 representavam 12% da carga transportada;<\/li>\n<li>Apenas 2% dos fertilizantes usados no Estado s\u00e3o transportados por ferrovias;<\/li>\n<li>A velocidade m\u00e9dia dos trens caiu pela metade e hoje \u00e9 de apenas 12 km\/h, a 4\u00aa mais baixa do Brasil.<\/li>\n<\/ul>\n<p>Souza tamb\u00e9m contestou a justificativa da concession\u00e1ria sobre a suposta sazonalidade da demanda de gr\u00e3os, argumentando que h\u00e1 fluxos relativamente constantes. Al\u00e9m disso, destacou que a capacidade rodovi\u00e1ria de recebimento no Porto de Rio Grande j\u00e1 supera a da ferrovia.<\/p>\n<p><strong>Propostas do governo para reverter o cen\u00e1rio<\/strong><\/p>\n<p>Al\u00e9m do estudo t\u00e9cnico, solicitado pelo governo do estado para a Portos RS, que ser\u00e1 encaminhado para o governo federal, o governo ga\u00facho criou cen\u00e1rios de possibilidades de modelagens para contribuir com o debate no grupo de trabalho criado pelo Minist\u00e9rio dos Transportes.<\/p>\n<p>Entre as propostas est\u00e1 o encurtamento de trechos ferrovi\u00e1rios, como a constru\u00e7\u00e3o de uma variante entre Santa Maria e S\u00e3o Gabriel, que reduziria o percurso em 112 km. Essa mudan\u00e7a faria o custo do frete cair de R$ 172,04 para R$ 134,35 no trecho rodovi\u00e1rio;<\/p>\n<p>Sobre a Ferrovia do Trigo (Trem dos Vales) \u2014 trecho de 46 km entre Guapor\u00e9, Dois Lajeados, Vespasiano Corr\u00eaa e Mu\u00e7um, com 20 km danificados pelas chuvas \u2014 o Estado prop\u00f5e a devolu\u00e7\u00e3o do trecho reparado pela concession\u00e1ria \u00e0 Uni\u00e3o.<\/p>\n<p><strong>Custo log\u00edstico alto impede o desenvolvimento<\/strong><\/p>\n<p>O deputado Felipe Camozzato destacou que o Rio Grande do Sul est\u00e1 estrategicamente posicionado, mas enfrenta graves entraves log\u00edsticos.<\/p>\n<div class=\"wp-block-image\">\n<figure class=\"alignleft size-large is-resized\"><img loading=\"lazy\" class=\"wp-image-4772\" src=\"https:\/\/federasul.com.br\/wp-content\/uploads\/2025\/04\/WhatsApp-Image-2025-04-16-at-16.18.13-1024x682.jpeg\" sizes=\"(max-width: 1024px) 100vw, 1024px\" srcset=\"https:\/\/federasul.com.br\/wp-content\/uploads\/2025\/04\/WhatsApp-Image-2025-04-16-at-16.18.13-1024x682.jpeg 1024w, https:\/\/federasul.com.br\/wp-content\/uploads\/2025\/04\/WhatsApp-Image-2025-04-16-at-16.18.13-300x200.jpeg 300w, https:\/\/federasul.com.br\/wp-content\/uploads\/2025\/04\/WhatsApp-Image-2025-04-16-at-16.18.13-768x512.jpeg 768w, https:\/\/federasul.com.br\/wp-content\/uploads\/2025\/04\/WhatsApp-Image-2025-04-16-at-16.18.13-1536x1023.jpeg 1536w, https:\/\/federasul.com.br\/wp-content\/uploads\/2025\/04\/WhatsApp-Image-2025-04-16-at-16.18.13.jpeg 1600w\" alt=\"\" width=\"363\" height=\"242\" \/><\/figure>\n<\/div>\n<p>\u201cEstamos sem conex\u00e3o com o restante do pa\u00eds. Isolados desde antes das enchentes.\u201d<\/p>\n<p>O presidente da Frente Parlamentar das Ferrovias considerou que enquanto a m\u00e9dia de outros pa\u00edses gira em torno de 9% do PIB, no Brasil essa cifra \u00e9 de 12%. No RS, antes da enchente, os custos log\u00edsticos j\u00e1 alcan\u00e7aram 21,5% do PIB, chegando a 28% ap\u00f3s a trag\u00e9dia clim\u00e1tica.<\/p>\n<p>Segundo Camozzato, reduzir o custo log\u00edstico de 21,5% para 18% do PIB geraria um ganho de R$ 24,7 bilh\u00f5es por ano para a economia ga\u00facha. \u201cInvestir no Rio Grande do Sul pode trazer um retorno significativo para o Brasil como um todo\u201d, afirmou.<\/p>\n<p>Ele tamb\u00e9m refor\u00e7ou que o Estado precisa construir consensos m\u00ednimos e elaborar um plano estrat\u00e9gico de log\u00edstica claro, eficiente e conectado ao restante do pa\u00eds e ao mercado internacional.<\/p>\n<p><strong>Bloco \u00fanico<\/strong><\/p>\n<p>Antes do\u00a0<em>T\u00e1 na Mesa<\/em>, o presidente Rodrigo Sousa Costa recebeu na reuni\u00e3o de diretoria da FEDERASUL lideran\u00e7as de Santa Catarina para acompanhar o andamento do planejamento ferrovi\u00e1rio do estado vizinho. O presidente concluiu que somente a uni\u00e3o de lideran\u00e7as produtivas dos estados do sul, atrav\u00e9s de uma vis\u00e3o compartilhada, poder\u00e1 indicar e definir uma linha de a\u00e7\u00e3o direcionada para a busca de solu\u00e7\u00f5es no enfrentamento dos problemas de log\u00edstica que s\u00e3o comuns aos estados. \u201cPrecisamos nos mover como um bloco \u00fanico\u201d.<\/p>\n<div class=\"wp-block-image\">\n<figure class=\"alignleft size-large is-resized\"><img loading=\"lazy\" class=\"wp-image-4773\" src=\"https:\/\/federasul.com.br\/wp-content\/uploads\/2025\/04\/WhatsApp-Image-2025-04-16-at-16.19.46-1024x682.jpeg\" sizes=\"(max-width: 1024px) 100vw, 1024px\" srcset=\"https:\/\/federasul.com.br\/wp-content\/uploads\/2025\/04\/WhatsApp-Image-2025-04-16-at-16.19.46-1024x682.jpeg 1024w, https:\/\/federasul.com.br\/wp-content\/uploads\/2025\/04\/WhatsApp-Image-2025-04-16-at-16.19.46-300x200.jpeg 300w, https:\/\/federasul.com.br\/wp-content\/uploads\/2025\/04\/WhatsApp-Image-2025-04-16-at-16.19.46-768x512.jpeg 768w, https:\/\/federasul.com.br\/wp-content\/uploads\/2025\/04\/WhatsApp-Image-2025-04-16-at-16.19.46-1536x1023.jpeg 1536w, https:\/\/federasul.com.br\/wp-content\/uploads\/2025\/04\/WhatsApp-Image-2025-04-16-at-16.19.46.jpeg 1600w\" alt=\"\" width=\"366\" height=\"244\" \/><\/figure>\n<\/div>\n<p>Costa argumentou que considerando o momento de reconstru\u00e7\u00e3o do Estado ap\u00f3s a trag\u00e9dia clim\u00e1tica, \u00e9 importante observar que o que for feito nos pr\u00f3ximos dois anos vai definir as tend\u00eancias dos pr\u00f3ximos 30 anos.\u00a0 \u201cTemos um grande desafio pela frente, pensar em ferrovias n\u00e3o significa pensar somente a redu\u00e7\u00e3o do custo dos transportes, amplia a viabilidade de inser\u00e7\u00e3o de nossos produtos no mercado e representa uma importante redu\u00e7\u00e3o no n\u00famero de acidentes, citou como exemplo.<\/p>\n<p>Participaram da reuni\u00e3o, o secret\u00e1rio adjunto de Portos, Aeroportos e Ferrovia de Santa Catarina, Ivan Amaral, o diretor de Ferrovias e Agroneg\u00f3cios da FACISC \u2013 Federa\u00e7\u00e3o das Associa\u00e7\u00f5es Empresariais de Santa Catarina, o presidente da Comiss\u00e3o do Milho no Minist\u00e9rio da Agricultura, Enori Barbieri, o representante da Associa\u00e7\u00e3o Brasileira de Prote\u00edna Animal, Arene Trevisan,\u00a0 os representantes da TPF Engenharia Andr\u00e9 Assump\u00e7\u00e3o e Tiago Dantas e o\u00a0 procurador do Minist\u00e9rio P\u00fablico Federal Osmar Veronesi.<\/p>\n<div class=\"wp-block-image\">\n<figure class=\"alignleft size-large is-resized\"><img loading=\"lazy\" class=\"wp-image-4774\" src=\"https:\/\/federasul.com.br\/wp-content\/uploads\/2025\/04\/WhatsApp-Image-2025-04-16-at-16.20.46-682x1024.jpeg\" sizes=\"(max-width: 682px) 100vw, 682px\" srcset=\"https:\/\/federasul.com.br\/wp-content\/uploads\/2025\/04\/WhatsApp-Image-2025-04-16-at-16.20.46-682x1024.jpeg 682w, https:\/\/federasul.com.br\/wp-content\/uploads\/2025\/04\/WhatsApp-Image-2025-04-16-at-16.20.46-200x300.jpeg 200w, https:\/\/federasul.com.br\/wp-content\/uploads\/2025\/04\/WhatsApp-Image-2025-04-16-at-16.20.46-768x1153.jpeg 768w, https:\/\/federasul.com.br\/wp-content\/uploads\/2025\/04\/WhatsApp-Image-2025-04-16-at-16.20.46-1023x1536.jpeg 1023w, https:\/\/federasul.com.br\/wp-content\/uploads\/2025\/04\/WhatsApp-Image-2025-04-16-at-16.20.46.jpeg 1066w\" alt=\"\" width=\"290\" height=\"436\" \/><\/figure>\n<\/div>\n<p>O secret\u00e1rio adjunto relatou que o estado de SC apresentou alguns projetos em execu\u00e7\u00e3o ou em fase de contrata\u00e7\u00e3o em trechos internos no Estado. Disse que defende o livre com\u00e9rcio e que acredita que o modal ferrovi\u00e1rio \u00b4trar\u00e1 maior competitividade aos produtos.<\/p>\n","protected":false},"excerpt":{"rendered":"<p>O\u00a0T\u00e1 na Mesa\u00a0desta semana teve como pauta central o resgate das ferrovias ga\u00fachas O encontro contou com a participa\u00e7\u00e3o do vice-governador Gabriel Souza e do presidente da Frente Parlamentar das Ferrovias, deputado estadual Felipe Camozzato, que discutiram os desafios e perspectivas para o futuro desse modal no Sul do Brasil. &nbsp; &nbsp; &nbsp; &nbsp; &nbsp;&#8230;  <a class=\"excerpt-read-more\" href=\"https:\/\/www.federasul.com.br\/tanamesa\/2025\/04\/16\/federasul-expressa-preocupacao-com-o-descaso-enfrentado-pela-malha-ferroviaria-do-rio-grande-do-sul\/\" title=\"Read FEDERASUL expressa preocupa\u00e7\u00e3o com o descaso enfrentado pela malha ferrovi\u00e1ria do Rio Grande do Sul\">Leia mais &raquo;<\/a><\/p>\n","protected":false},"author":6,"featured_media":8164,"comment_status":"open","ping_status":"open","sticky":false,"template":"","format":"standard","meta":{"_expiration-date-status":"","_expiration-date":0,"_expiration-date-type":"","_expiration-date-categories":[],"_expiration-date-options":[],"_links_to":"","_links_to_target":""},"categories":[3],"tags":[],"yoast_head":"<!-- This site is optimized with the Yoast SEO plugin v19.7.2 - https:\/\/yoast.com\/wordpress\/plugins\/seo\/ -->\n<title>FEDERASUL expressa preocupa\u00e7\u00e3o com o descaso enfrentado pela malha ferrovi\u00e1ria do Rio Grande do Sul - Ta na mesa<\/title>\n<meta name=\"robots\" content=\"index, follow, max-snippet:-1, max-image-preview:large, max-video-preview:-1\" \/>\n<link rel=\"canonical\" href=\"https:\/\/www.federasul.com.br\/tanamesa\/2025\/04\/16\/federasul-expressa-preocupacao-com-o-descaso-enfrentado-pela-malha-ferroviaria-do-rio-grande-do-sul\/\" \/>\n<meta property=\"og:locale\" content=\"pt_BR\" \/>\n<meta property=\"og:type\" content=\"article\" \/>\n<meta property=\"og:title\" content=\"FEDERASUL expressa preocupa\u00e7\u00e3o com o descaso enfrentado pela malha ferrovi\u00e1ria do Rio Grande do Sul - Ta na mesa\" \/>\n<meta property=\"og:description\" content=\"O\u00a0T\u00e1 na Mesa\u00a0desta semana teve como pauta central o resgate das ferrovias ga\u00fachas O encontro contou com a participa\u00e7\u00e3o do vice-governador Gabriel Souza e do presidente da Frente Parlamentar das Ferrovias, deputado estadual Felipe Camozzato, que discutiram os desafios e perspectivas para o futuro desse modal no Sul do Brasil. &nbsp; &nbsp; &nbsp; &nbsp; &nbsp;... Leia mais &raquo;\" \/>\n<meta property=\"og:url\" content=\"https:\/\/www.federasul.com.br\/tanamesa\/2025\/04\/16\/federasul-expressa-preocupacao-com-o-descaso-enfrentado-pela-malha-ferroviaria-do-rio-grande-do-sul\/\" \/>\n<meta property=\"og:site_name\" content=\"Ta na mesa\" \/>\n<meta property=\"article:published_time\" content=\"2025-04-16T19:38:46+00:00\" \/>\n<meta property=\"article:modified_time\" content=\"2025-04-16T19:42:15+00:00\" \/>\n<meta property=\"og:image\" content=\"https:\/\/www.federasul.com.br\/tanamesa\/wp-content\/uploads\/2025\/04\/54-scaled.jpg\" \/>\n\t<meta property=\"og:image:width\" content=\"2560\" \/>\n\t<meta property=\"og:image:height\" content=\"1752\" \/>\n\t<meta property=\"og:image:type\" content=\"image\/jpeg\" \/>\n<meta name=\"author\" content=\"marketing2\" \/>\n<meta name=\"twitter:card\" content=\"summary_large_image\" \/>\n<meta name=\"twitter:label1\" content=\"Escrito por\" \/>\n\t<meta name=\"twitter:data1\" content=\"marketing2\" \/>\n\t<meta name=\"twitter:label2\" content=\"Est. tempo de leitura\" \/>\n\t<meta name=\"twitter:data2\" content=\"7 minutos\" \/>\n<script type=\"application\/ld+json\" class=\"yoast-schema-graph\">{\"@context\":\"https:\/\/schema.org\",\"@graph\":[{\"@type\":\"Article\",\"@id\":\"https:\/\/www.federasul.com.br\/tanamesa\/2025\/04\/16\/federasul-expressa-preocupacao-com-o-descaso-enfrentado-pela-malha-ferroviaria-do-rio-grande-do-sul\/#article\",\"isPartOf\":{\"@id\":\"https:\/\/www.federasul.com.br\/tanamesa\/2025\/04\/16\/federasul-expressa-preocupacao-com-o-descaso-enfrentado-pela-malha-ferroviaria-do-rio-grande-do-sul\/\"},\"author\":{\"name\":\"marketing2\",\"@id\":\"https:\/\/www.federasul.com.br\/tanamesa\/#\/schema\/person\/35f949ff9a7d933d8d34abfe1b39ce24\"},\"headline\":\"FEDERASUL expressa preocupa\u00e7\u00e3o com o descaso enfrentado pela malha ferrovi\u00e1ria do Rio Grande do Sul\",\"datePublished\":\"2025-04-16T19:38:46+00:00\",\"dateModified\":\"2025-04-16T19:42:15+00:00\",\"mainEntityOfPage\":{\"@id\":\"https:\/\/www.federasul.com.br\/tanamesa\/2025\/04\/16\/federasul-expressa-preocupacao-com-o-descaso-enfrentado-pela-malha-ferroviaria-do-rio-grande-do-sul\/\"},\"wordCount\":1084,\"commentCount\":0,\"publisher\":{\"@id\":\"https:\/\/www.federasul.com.br\/tanamesa\/#organization\"},\"articleSection\":[\"Aconteceu\"],\"inLanguage\":\"pt-BR\",\"potentialAction\":[{\"@type\":\"CommentAction\",\"name\":\"Comment\",\"target\":[\"https:\/\/www.federasul.com.br\/tanamesa\/2025\/04\/16\/federasul-expressa-preocupacao-com-o-descaso-enfrentado-pela-malha-ferroviaria-do-rio-grande-do-sul\/#respond\"]}]},{\"@type\":\"WebPage\",\"@id\":\"https:\/\/www.federasul.com.br\/tanamesa\/2025\/04\/16\/federasul-expressa-preocupacao-com-o-descaso-enfrentado-pela-malha-ferroviaria-do-rio-grande-do-sul\/\",\"url\":\"https:\/\/www.federasul.com.br\/tanamesa\/2025\/04\/16\/federasul-expressa-preocupacao-com-o-descaso-enfrentado-pela-malha-ferroviaria-do-rio-grande-do-sul\/\",\"name\":\"FEDERASUL expressa preocupa\u00e7\u00e3o com o descaso enfrentado pela malha ferrovi\u00e1ria do Rio Grande do Sul - Ta na mesa\",\"isPartOf\":{\"@id\":\"https:\/\/www.federasul.com.br\/tanamesa\/#website\"},\"datePublished\":\"2025-04-16T19:38:46+00:00\",\"dateModified\":\"2025-04-16T19:42:15+00:00\",\"breadcrumb\":{\"@id\":\"https:\/\/www.federasul.com.br\/tanamesa\/2025\/04\/16\/federasul-expressa-preocupacao-com-o-descaso-enfrentado-pela-malha-ferroviaria-do-rio-grande-do-sul\/#breadcrumb\"},\"inLanguage\":\"pt-BR\",\"potentialAction\":[{\"@type\":\"ReadAction\",\"target\":[\"https:\/\/www.federasul.com.br\/tanamesa\/2025\/04\/16\/federasul-expressa-preocupacao-com-o-descaso-enfrentado-pela-malha-ferroviaria-do-rio-grande-do-sul\/\"]}]},{\"@type\":\"BreadcrumbList\",\"@id\":\"https:\/\/www.federasul.com.br\/tanamesa\/2025\/04\/16\/federasul-expressa-preocupacao-com-o-descaso-enfrentado-pela-malha-ferroviaria-do-rio-grande-do-sul\/#breadcrumb\",\"itemListElement\":[{\"@type\":\"ListItem\",\"position\":1,\"name\":\"In\u00edcio\",\"item\":\"https:\/\/www.federasul.com.br\/tanamesa\/\"},{\"@type\":\"ListItem\",\"position\":2,\"name\":\"FEDERASUL expressa preocupa\u00e7\u00e3o com o descaso enfrentado pela malha ferrovi\u00e1ria do Rio Grande do Sul\"}]},{\"@type\":\"WebSite\",\"@id\":\"https:\/\/www.federasul.com.br\/tanamesa\/#website\",\"url\":\"https:\/\/www.federasul.com.br\/tanamesa\/\",\"name\":\"Ta na mesa\",\"description\":\"Federasul\",\"publisher\":{\"@id\":\"https:\/\/www.federasul.com.br\/tanamesa\/#organization\"},\"potentialAction\":[{\"@type\":\"SearchAction\",\"target\":{\"@type\":\"EntryPoint\",\"urlTemplate\":\"https:\/\/www.federasul.com.br\/tanamesa\/?s={search_term_string}\"},\"query-input\":\"required name=search_term_string\"}],\"inLanguage\":\"pt-BR\"},{\"@type\":\"Organization\",\"@id\":\"https:\/\/www.federasul.com.br\/tanamesa\/#organization\",\"name\":\"Federasul - Tanamesa\",\"url\":\"https:\/\/www.federasul.com.br\/tanamesa\/\",\"sameAs\":[],\"logo\":{\"@type\":\"ImageObject\",\"inLanguage\":\"pt-BR\",\"@id\":\"https:\/\/www.federasul.com.br\/tanamesa\/#\/schema\/logo\/image\/\",\"url\":\"https:\/\/www.federasul.com.br\/tanamesa\/wp-content\/uploads\/2018\/03\/favicon.jpg\",\"contentUrl\":\"https:\/\/www.federasul.com.br\/tanamesa\/wp-content\/uploads\/2018\/03\/favicon.jpg\",\"width\":101,\"height\":104,\"caption\":\"Federasul - Tanamesa\"},\"image\":{\"@id\":\"https:\/\/www.federasul.com.br\/tanamesa\/#\/schema\/logo\/image\/\"}},{\"@type\":\"Person\",\"@id\":\"https:\/\/www.federasul.com.br\/tanamesa\/#\/schema\/person\/35f949ff9a7d933d8d34abfe1b39ce24\",\"name\":\"marketing2\",\"image\":{\"@type\":\"ImageObject\",\"inLanguage\":\"pt-BR\",\"@id\":\"https:\/\/www.federasul.com.br\/tanamesa\/#\/schema\/person\/image\/\",\"url\":\"https:\/\/secure.gravatar.com\/avatar\/5ad80cf0df7cb6d50dd1df9dcda94b03?s=96&d=mm&r=g\",\"contentUrl\":\"https:\/\/secure.gravatar.com\/avatar\/5ad80cf0df7cb6d50dd1df9dcda94b03?s=96&d=mm&r=g\",\"caption\":\"marketing2\"},\"url\":\"https:\/\/www.federasul.com.br\/tanamesa\/author\/marketing2\/\"}]}<\/script>\n<!-- \/ Yoast SEO plugin. -->","yoast_head_json":{"title":"FEDERASUL expressa preocupa\u00e7\u00e3o com o descaso enfrentado pela malha ferrovi\u00e1ria do Rio Grande do Sul - Ta na mesa","robots":{"index":"index","follow":"follow","max-snippet":"max-snippet:-1","max-image-preview":"max-image-preview:large","max-video-preview":"max-video-preview:-1"},"canonical":"https:\/\/www.federasul.com.br\/tanamesa\/2025\/04\/16\/federasul-expressa-preocupacao-com-o-descaso-enfrentado-pela-malha-ferroviaria-do-rio-grande-do-sul\/","og_locale":"pt_BR","og_type":"article","og_title":"FEDERASUL expressa preocupa\u00e7\u00e3o com o descaso enfrentado pela malha ferrovi\u00e1ria do Rio Grande do Sul - Ta na mesa","og_description":"O\u00a0T\u00e1 na Mesa\u00a0desta semana teve como pauta central o resgate das ferrovias ga\u00fachas O encontro contou com a participa\u00e7\u00e3o do vice-governador Gabriel Souza e do presidente da Frente Parlamentar das Ferrovias, deputado estadual Felipe Camozzato, que discutiram os desafios e perspectivas para o futuro desse modal no Sul do Brasil. &nbsp; &nbsp; &nbsp; &nbsp; &nbsp;... Leia mais &raquo;","og_url":"https:\/\/www.federasul.com.br\/tanamesa\/2025\/04\/16\/federasul-expressa-preocupacao-com-o-descaso-enfrentado-pela-malha-ferroviaria-do-rio-grande-do-sul\/","og_site_name":"Ta na mesa","article_published_time":"2025-04-16T19:38:46+00:00","article_modified_time":"2025-04-16T19:42:15+00:00","og_image":[{"width":2560,"height":1752,"url":"https:\/\/www.federasul.com.br\/tanamesa\/wp-content\/uploads\/2025\/04\/54-scaled.jpg","type":"image\/jpeg"}],"author":"marketing2","twitter_card":"summary_large_image","twitter_misc":{"Escrito por":"marketing2","Est. tempo de leitura":"7 minutos"},"schema":{"@context":"https:\/\/schema.org","@graph":[{"@type":"Article","@id":"https:\/\/www.federasul.com.br\/tanamesa\/2025\/04\/16\/federasul-expressa-preocupacao-com-o-descaso-enfrentado-pela-malha-ferroviaria-do-rio-grande-do-sul\/#article","isPartOf":{"@id":"https:\/\/www.federasul.com.br\/tanamesa\/2025\/04\/16\/federasul-expressa-preocupacao-com-o-descaso-enfrentado-pela-malha-ferroviaria-do-rio-grande-do-sul\/"},"author":{"name":"marketing2","@id":"https:\/\/www.federasul.com.br\/tanamesa\/#\/schema\/person\/35f949ff9a7d933d8d34abfe1b39ce24"},"headline":"FEDERASUL expressa preocupa\u00e7\u00e3o com o descaso enfrentado pela malha ferrovi\u00e1ria do Rio Grande do Sul","datePublished":"2025-04-16T19:38:46+00:00","dateModified":"2025-04-16T19:42:15+00:00","mainEntityOfPage":{"@id":"https:\/\/www.federasul.com.br\/tanamesa\/2025\/04\/16\/federasul-expressa-preocupacao-com-o-descaso-enfrentado-pela-malha-ferroviaria-do-rio-grande-do-sul\/"},"wordCount":1084,"commentCount":0,"publisher":{"@id":"https:\/\/www.federasul.com.br\/tanamesa\/#organization"},"articleSection":["Aconteceu"],"inLanguage":"pt-BR","potentialAction":[{"@type":"CommentAction","name":"Comment","target":["https:\/\/www.federasul.com.br\/tanamesa\/2025\/04\/16\/federasul-expressa-preocupacao-com-o-descaso-enfrentado-pela-malha-ferroviaria-do-rio-grande-do-sul\/#respond"]}]},{"@type":"WebPage","@id":"https:\/\/www.federasul.com.br\/tanamesa\/2025\/04\/16\/federasul-expressa-preocupacao-com-o-descaso-enfrentado-pela-malha-ferroviaria-do-rio-grande-do-sul\/","url":"https:\/\/www.federasul.com.br\/tanamesa\/2025\/04\/16\/federasul-expressa-preocupacao-com-o-descaso-enfrentado-pela-malha-ferroviaria-do-rio-grande-do-sul\/","name":"FEDERASUL expressa preocupa\u00e7\u00e3o com o descaso enfrentado pela malha ferrovi\u00e1ria do Rio Grande do Sul - Ta na mesa","isPartOf":{"@id":"https:\/\/www.federasul.com.br\/tanamesa\/#website"},"datePublished":"2025-04-16T19:38:46+00:00","dateModified":"2025-04-16T19:42:15+00:00","breadcrumb":{"@id":"https:\/\/www.federasul.com.br\/tanamesa\/2025\/04\/16\/federasul-expressa-preocupacao-com-o-descaso-enfrentado-pela-malha-ferroviaria-do-rio-grande-do-sul\/#breadcrumb"},"inLanguage":"pt-BR","potentialAction":[{"@type":"ReadAction","target":["https:\/\/www.federasul.com.br\/tanamesa\/2025\/04\/16\/federasul-expressa-preocupacao-com-o-descaso-enfrentado-pela-malha-ferroviaria-do-rio-grande-do-sul\/"]}]},{"@type":"BreadcrumbList","@id":"https:\/\/www.federasul.com.br\/tanamesa\/2025\/04\/16\/federasul-expressa-preocupacao-com-o-descaso-enfrentado-pela-malha-ferroviaria-do-rio-grande-do-sul\/#breadcrumb","itemListElement":[{"@type":"ListItem","position":1,"name":"In\u00edcio","item":"https:\/\/www.federasul.com.br\/tanamesa\/"},{"@type":"ListItem","position":2,"name":"FEDERASUL expressa preocupa\u00e7\u00e3o com o descaso enfrentado pela malha ferrovi\u00e1ria do Rio Grande do Sul"}]},{"@type":"WebSite","@id":"https:\/\/www.federasul.com.br\/tanamesa\/#website","url":"https:\/\/www.federasul.com.br\/tanamesa\/","name":"Ta na mesa","description":"Federasul","publisher":{"@id":"https:\/\/www.federasul.com.br\/tanamesa\/#organization"},"potentialAction":[{"@type":"SearchAction","target":{"@type":"EntryPoint","urlTemplate":"https:\/\/www.federasul.com.br\/tanamesa\/?s={search_term_string}"},"query-input":"required name=search_term_string"}],"inLanguage":"pt-BR"},{"@type":"Organization","@id":"https:\/\/www.federasul.com.br\/tanamesa\/#organization","name":"Federasul - Tanamesa","url":"https:\/\/www.federasul.com.br\/tanamesa\/","sameAs":[],"logo":{"@type":"ImageObject","inLanguage":"pt-BR","@id":"https:\/\/www.federasul.com.br\/tanamesa\/#\/schema\/logo\/image\/","url":"https:\/\/www.federasul.com.br\/tanamesa\/wp-content\/uploads\/2018\/03\/favicon.jpg","contentUrl":"https:\/\/www.federasul.com.br\/tanamesa\/wp-content\/uploads\/2018\/03\/favicon.jpg","width":101,"height":104,"caption":"Federasul - Tanamesa"},"image":{"@id":"https:\/\/www.federasul.com.br\/tanamesa\/#\/schema\/logo\/image\/"}},{"@type":"Person","@id":"https:\/\/www.federasul.com.br\/tanamesa\/#\/schema\/person\/35f949ff9a7d933d8d34abfe1b39ce24","name":"marketing2","image":{"@type":"ImageObject","inLanguage":"pt-BR","@id":"https:\/\/www.federasul.com.br\/tanamesa\/#\/schema\/person\/image\/","url":"https:\/\/secure.gravatar.com\/avatar\/5ad80cf0df7cb6d50dd1df9dcda94b03?s=96&d=mm&r=g","contentUrl":"https:\/\/secure.gravatar.com\/avatar\/5ad80cf0df7cb6d50dd1df9dcda94b03?s=96&d=mm&r=g","caption":"marketing2"},"url":"https:\/\/www.federasul.com.br\/tanamesa\/author\/marketing2\/"}]}},"_links":{"self":[{"href":"https:\/\/www.federasul.com.br\/tanamesa\/wp-json\/wp\/v2\/posts\/8163"}],"collection":[{"href":"https:\/\/www.federasul.com.br\/tanamesa\/wp-json\/wp\/v2\/posts"}],"about":[{"href":"https:\/\/www.federasul.com.br\/tanamesa\/wp-json\/wp\/v2\/types\/post"}],"author":[{"embeddable":true,"href":"https:\/\/www.federasul.com.br\/tanamesa\/wp-json\/wp\/v2\/users\/6"}],"replies":[{"embeddable":true,"href":"https:\/\/www.federasul.com.br\/tanamesa\/wp-json\/wp\/v2\/comments?post=8163"}],"version-history":[{"count":0,"href":"https:\/\/www.federasul.com.br\/tanamesa\/wp-json\/wp\/v2\/posts\/8163\/revisions"}],"wp:featuredmedia":[{"embeddable":true,"href":"https:\/\/www.federasul.com.br\/tanamesa\/wp-json\/wp\/v2\/media\/8164"}],"wp:attachment":[{"href":"https:\/\/www.federasul.com.br\/tanamesa\/wp-json\/wp\/v2\/media?parent=8163"}],"wp:term":[{"taxonomy":"category","embeddable":true,"href":"https:\/\/www.federasul.com.br\/tanamesa\/wp-json\/wp\/v2\/categories?post=8163"},{"taxonomy":"post_tag","embeddable":true,"href":"https:\/\/www.federasul.com.br\/tanamesa\/wp-json\/wp\/v2\/tags?post=8163"}],"curies":[{"name":"wp","href":"https:\/\/api.w.org\/{rel}","templated":true}]}}