{"id":6701,"date":"2020-06-18T10:41:07","date_gmt":"2020-06-18T13:41:07","guid":{"rendered":"https:\/\/www.federasul.com.br\/tanamesa\/?p=6701"},"modified":"2020-06-18T10:41:07","modified_gmt":"2020-06-18T13:41:07","slug":"nao-e-gestao-de-crise-mas-gestao-do-caos-define-gustavo-ene","status":"publish","type":"post","link":"https:\/\/www.federasul.com.br\/tanamesa\/2020\/06\/18\/nao-e-gestao-de-crise-mas-gestao-do-caos-define-gustavo-ene\/","title":{"rendered":"\u201cN\u00e3o \u00e9 gest\u00e3o de crise, mas gest\u00e3o do caos\u201d, define Gustavo Ene"},"content":{"rendered":"<p><em>T\u00e1 na Mesa recebeu o secret\u00e1rio do Minist\u00e9rio da Economia, que falou sobre a\u00e7\u00f5es, programas e projetos do Governo Federal, no \u00e2mbito econ\u00f4mico, contra a pandemia<\/em><\/p>\n<div id=\"attachment_17889\" class=\"wp-caption aligncenter\" style=\"width: 387px;\"><img loading=\"lazy\" class=\"wp-image-17889 \" src=\"https:\/\/www.federasul.com.br\/wp-content\/uploads\/2020\/06\/tnm-569x322.png\" sizes=\"(max-width: 569px) 100vw, 569px\" srcset=\"https:\/\/www.federasul.com.br\/wp-content\/uploads\/2020\/06\/tnm-569x322.png 569w, https:\/\/www.federasul.com.br\/wp-content\/uploads\/2020\/06\/tnm.png 571w\" alt=\"\" width=\"387\" height=\"219\" \/><\/p>\n<p class=\"wp-caption-text\">T\u00e1 na Mesa desta quarta-feira foi mediado pela presidente Simone Leite e pelo vice, Anderson Cardoso \u2013 FOTO: REPRODU\u00c7\u00c3O\/FACEBOOK<\/p>\n<\/div>\n<p>O ga\u00facho e ex-diretor da FEDERASUL, Gustavo Ene, participou da vers\u00e3o\u00a0<em>online<\/em>\u00a0da reuni\u00e3o\u00a0<em>T\u00e1 na Mesa<\/em>, nesta quarta-feira (10). Com ampla experi\u00eancia empresarial, o secret\u00e1rio da Ind\u00fastria, Com\u00e9rcio, Servi\u00e7os e Inova\u00e7\u00e3o do Minist\u00e9rio da Economia revelou dados positivos e negativos da economia brasileira. De acordo com Ene, investir no Brasil \u00e9 R$ 1.5 tri mais caro do que comparado a m\u00e9dia de pa\u00edses membros da OCDE.<\/p>\n<p>Outro fator preocupante \u00e9 a quest\u00e3o da produtividade, que entre os anos de 1980 a 2006, o tempo gasto pelo trabalhador brasileiro comparado com americano, representava 40% do PIB, hoje esse n\u00famero caiu para 25%.\u00a0<em>\u201cNossa miss\u00e3o \u00e9, por meio de uma vis\u00e3o estrat\u00e9gica, aumentar a produtividade atrav\u00e9s do mercado concorrencial, da moderniza\u00e7\u00e3o e redu\u00e7\u00e3o burocr\u00e1tica\u201d<\/em>, afirmou.<\/p>\n<p>Responsabilidade da pasta, Gustavo mensurou os dados da nova formata\u00e7\u00e3o do Custo Brasil. No formato atual, de acordo com o secret\u00e1rio, as informa\u00e7\u00f5es de onde atacar e o que precisar melhorar est\u00e3o mais claros. Em um ranking desenvolvido pela SDIC (Secretaria de Ind\u00fastria, Com\u00e9rcio, Servi\u00e7os e Inova\u00e7\u00e3o do Minist\u00e9rio da Economia), os principais pontos que afastam investimentos no Pa\u00eds s\u00e3o: custo com qualifica\u00e7\u00e3o da m\u00e3o de obra; alta tributa\u00e7\u00e3o; falta de infraestrutura; concess\u00e3o de cr\u00e9dito e excessiva regula\u00e7\u00e3o por parte do Estado.<\/p>\n<p><strong>MEDIDAS<\/strong><\/p>\n<p>Desde fevereiro, o Governo Federal j\u00e1 vinha organizando estrat\u00e9gias de combate, controle e preven\u00e7\u00e3o ao novo coronav\u00edrus. A preocupa\u00e7\u00e3o, no inicio, era mensurar os casos e evitar que isso afetasse a cadeia produtiva, como falta de produtos e alimentos. Suprimentos como \u00e1lcool, luvas e EPIs hospitalares, bem como respiradores e demais itens de necessidade coletiva entraram na estrat\u00e9gia.<\/p>\n<p>A fim de traduzir melhor toda a situa\u00e7\u00e3o \u00e0 sociedade e aos agentes econ\u00f4micos, foi criado o\u00a0<strong><em>\u201cVamos Vencer\u201d<\/em><\/strong>\u00a0que traz informa\u00e7\u00f5es, em tempo real, de todas as a\u00e7\u00f5es que impactam a economia. Outra ferramenta foi o\u00a0<strong><em>\u201cPortal das Qualifica\u00e7\u00f5es\u201d<\/em><\/strong>, que promove aperfei\u00e7oamento profissional conforme demanda da classe produtiva, via internet, tanto para empregados como para quem est\u00e1 em busca de uma recoloca\u00e7\u00e3o no mercado.<strong><em>\u201dSolu\u00e7\u00e3o de Inova\u00e7\u00f5es em Startups\u201d<\/em><\/strong>, alternativa que busca encontrar, nesse nicho, solu\u00e7\u00f5es \u00e0 COVID-19\u00a0<em>atrav\u00e9s de pesquisa, inova\u00e7\u00e3o e constitui\u00e7\u00e3o de produtos e servi\u00e7os pertinentes.\u00a0<strong>\u201cGarantia de Cr\u00e9dito ao Setor Produtivo\u201d<\/strong><\/em>, que criou o PRONAMPE e linhas de cr\u00e9dito com maior flexibiliza\u00e7\u00e3o nas garantias reais, com juros mais altos. As\u00a0<strong>MPs 927<\/strong><em>(Alternativas \u00e0 Manuten\u00e7\u00e3o do Emprego);<\/em><strong>\u00a0936<\/strong><em>(Redu\u00e7\u00e3o Proporcional de Jornada e Sal\u00e1rio e Suspens\u00e3o do Contrato de Trabalho)<\/em>;\u00a0<strong>944\u00a0<\/strong><em>(Financiamento da Folha);\u00a0<\/em><strong>946\u00a0<\/strong><em>(FGTS)<\/em>\u00a0e\u00a0<strong>948\u00a0<\/strong><em>(Setor do Turismo).<\/em><\/p>\n<p><strong>CR\u00c9DITO<\/strong><\/p>\n<p>Um dos assuntos que vem sendo amplamente debatido e \u00e9 bandeira da FEDERASUL, a facilita\u00e7\u00e3o do acesso ao cr\u00e9dito, tamb\u00e9m foi trazido ao debate. Na vis\u00e3o do secret\u00e1rio Gustavo Ene, o per\u00edodo econ\u00f4mico dificulta, devido ao plano de fundo, que \u00e9 o alto risco de inadimpl\u00eancia e a fal\u00eancia de empresas. O vice-presidente da FEDERASUL, Anderson Cardoso, afirmou que\u00a0<em>\u201co Governo defende uma economia mais competitiva e com atores produtivos, isso \u00e9 louv\u00e1vel, mas existem muitas empresas com todas essas caracter\u00edsticas e n\u00e3o est\u00e3o tendo acesso. Est\u00e3o sangrando. Elas precisam estar vivas para que esse plano do Governo se consolide\u201d<\/em>, disse.<\/p>\n<p><strong>REFORMAS<\/strong><\/p>\n<p>A presidente da FEDERASUL, Simone Leite, afirmou ao secret\u00e1rio que esse \u00e9 o momento de ser encaminhada uma profunda Reforma Administrativa, tendo como foco os altos sal\u00e1rios e a estabilidade.\u00a0<em>\u201cS\u00f3 essa a\u00e7\u00e3o j\u00e1 colocaria o Brasil a frente dos principais rankings de competitividade\u201d<\/em>, disse. Outra reforma, a Tribut\u00e1ria, tamb\u00e9m \u201csonhada\u201d por Ene, n\u00e3o deve se consolidar em 2020, mas para Simone, essa moderniza\u00e7\u00e3o tribut\u00e1ria n\u00e3o ter\u00e1 redu\u00e7\u00e3o de impostos, mas uma simplifica\u00e7\u00e3o.<\/p>\n<p><strong>P\u00d3S-<em>COVID<\/em><\/strong><\/p>\n<p>No horizonte do Minist\u00e9rio da Economia est\u00e3o in\u00fameras alternativas com foco na economia, que incluem inova\u00e7\u00e3o e aumento da capacidade, al\u00e9m do est\u00edmulo ao empreendedorismo e apoio \u00e0s microempresas. S\u00e3o alguns deles: \u201c<strong>Programa de melhoria continua da competitividade\u201d<\/strong>: reduzir o Custo Brasil,\u00a0<strong><em>\u201cDoing Business TOP 50\u201d<\/em><\/strong>: estimular o empreendedorismo, emprego e posicionar o Brasil entre as 50 economias mais competitivas. \u201c<strong>Economia 4.0\u201d<\/strong>: transforma\u00e7\u00e3o digital da economia.<\/p>\n","protected":false},"excerpt":{"rendered":"<p>T\u00e1 na Mesa recebeu o secret\u00e1rio do Minist\u00e9rio da Economia, que falou sobre a\u00e7\u00f5es, programas e projetos do Governo Federal, no \u00e2mbito econ\u00f4mico, contra a pandemia T\u00e1 na Mesa desta quarta-feira foi mediado pela presidente Simone Leite e pelo vice, Anderson Cardoso \u2013 FOTO: REPRODU\u00c7\u00c3O\/FACEBOOK O ga\u00facho e ex-diretor da FEDERASUL, Gustavo Ene, participou da&#8230;  <a class=\"excerpt-read-more\" href=\"https:\/\/www.federasul.com.br\/tanamesa\/2020\/06\/18\/nao-e-gestao-de-crise-mas-gestao-do-caos-define-gustavo-ene\/\" title=\"Read \u201cN\u00e3o \u00e9 gest\u00e3o de crise, mas gest\u00e3o do caos\u201d, define Gustavo Ene\">Leia mais &raquo;<\/a><\/p>\n","protected":false},"author":4,"featured_media":6702,"comment_status":"open","ping_status":"open","sticky":false,"template":"","format":"standard","meta":{"_expiration-date-status":"","_expiration-date":0,"_expiration-date-type":"","_expiration-date-categories":[],"_expiration-date-options":[],"_links_to":"","_links_to_target":""},"categories":[3],"tags":[],"yoast_head":"<!-- This site is optimized with the Yoast SEO plugin v19.7.2 - https:\/\/yoast.com\/wordpress\/plugins\/seo\/ -->\n<title>\u201cN\u00e3o \u00e9 gest\u00e3o de crise, mas gest\u00e3o do caos\u201d, define Gustavo Ene - Ta na mesa<\/title>\n<meta name=\"robots\" content=\"index, follow, max-snippet:-1, max-image-preview:large, max-video-preview:-1\" \/>\n<link rel=\"canonical\" href=\"https:\/\/www.federasul.com.br\/tanamesa\/2020\/06\/18\/nao-e-gestao-de-crise-mas-gestao-do-caos-define-gustavo-ene\/\" \/>\n<meta property=\"og:locale\" content=\"pt_BR\" \/>\n<meta property=\"og:type\" content=\"article\" \/>\n<meta property=\"og:title\" content=\"\u201cN\u00e3o \u00e9 gest\u00e3o de crise, mas gest\u00e3o do caos\u201d, define Gustavo Ene - Ta na mesa\" \/>\n<meta property=\"og:description\" content=\"T\u00e1 na Mesa recebeu o secret\u00e1rio do Minist\u00e9rio da Economia, que falou sobre a\u00e7\u00f5es, programas e projetos do Governo Federal, no \u00e2mbito econ\u00f4mico, contra a pandemia T\u00e1 na Mesa desta quarta-feira foi mediado pela presidente Simone Leite e pelo vice, Anderson Cardoso \u2013 FOTO: REPRODU\u00c7\u00c3O\/FACEBOOK O ga\u00facho e ex-diretor da FEDERASUL, Gustavo Ene, participou da... Leia mais &raquo;\" \/>\n<meta property=\"og:url\" content=\"https:\/\/www.federasul.com.br\/tanamesa\/2020\/06\/18\/nao-e-gestao-de-crise-mas-gestao-do-caos-define-gustavo-ene\/\" \/>\n<meta property=\"og:site_name\" content=\"Ta na mesa\" \/>\n<meta property=\"article:published_time\" content=\"2020-06-18T13:41:07+00:00\" \/>\n<meta property=\"og:image\" content=\"https:\/\/www.federasul.com.br\/tanamesa\/wp-content\/uploads\/2020\/06\/WhatsApp-Image-2020-06-10-at-13.31.40.jpeg\" \/>\n\t<meta property=\"og:image:width\" content=\"1280\" \/>\n\t<meta property=\"og:image:height\" content=\"720\" \/>\n\t<meta property=\"og:image:type\" content=\"image\/jpeg\" \/>\n<meta name=\"author\" content=\"Viviane Quines\" \/>\n<meta name=\"twitter:card\" content=\"summary_large_image\" \/>\n<meta name=\"twitter:label1\" content=\"Escrito por\" \/>\n\t<meta name=\"twitter:data1\" content=\"Viviane Quines\" \/>\n\t<meta name=\"twitter:label2\" content=\"Est. tempo de leitura\" \/>\n\t<meta name=\"twitter:data2\" content=\"4 minutos\" \/>\n<script type=\"application\/ld+json\" class=\"yoast-schema-graph\">{\"@context\":\"https:\/\/schema.org\",\"@graph\":[{\"@type\":\"Article\",\"@id\":\"https:\/\/www.federasul.com.br\/tanamesa\/2020\/06\/18\/nao-e-gestao-de-crise-mas-gestao-do-caos-define-gustavo-ene\/#article\",\"isPartOf\":{\"@id\":\"https:\/\/www.federasul.com.br\/tanamesa\/2020\/06\/18\/nao-e-gestao-de-crise-mas-gestao-do-caos-define-gustavo-ene\/\"},\"author\":{\"name\":\"Viviane Quines\",\"@id\":\"https:\/\/www.federasul.com.br\/tanamesa\/#\/schema\/person\/053c69faa3f806606c766e49afb621a3\"},\"headline\":\"\u201cN\u00e3o \u00e9 gest\u00e3o de crise, mas gest\u00e3o do caos\u201d, define Gustavo Ene\",\"datePublished\":\"2020-06-18T13:41:07+00:00\",\"dateModified\":\"2020-06-18T13:41:07+00:00\",\"mainEntityOfPage\":{\"@id\":\"https:\/\/www.federasul.com.br\/tanamesa\/2020\/06\/18\/nao-e-gestao-de-crise-mas-gestao-do-caos-define-gustavo-ene\/\"},\"wordCount\":792,\"commentCount\":0,\"publisher\":{\"@id\":\"https:\/\/www.federasul.com.br\/tanamesa\/#organization\"},\"articleSection\":[\"Aconteceu\"],\"inLanguage\":\"pt-BR\",\"potentialAction\":[{\"@type\":\"CommentAction\",\"name\":\"Comment\",\"target\":[\"https:\/\/www.federasul.com.br\/tanamesa\/2020\/06\/18\/nao-e-gestao-de-crise-mas-gestao-do-caos-define-gustavo-ene\/#respond\"]}]},{\"@type\":\"WebPage\",\"@id\":\"https:\/\/www.federasul.com.br\/tanamesa\/2020\/06\/18\/nao-e-gestao-de-crise-mas-gestao-do-caos-define-gustavo-ene\/\",\"url\":\"https:\/\/www.federasul.com.br\/tanamesa\/2020\/06\/18\/nao-e-gestao-de-crise-mas-gestao-do-caos-define-gustavo-ene\/\",\"name\":\"\u201cN\u00e3o \u00e9 gest\u00e3o de crise, mas gest\u00e3o do caos\u201d, define Gustavo Ene - Ta na mesa\",\"isPartOf\":{\"@id\":\"https:\/\/www.federasul.com.br\/tanamesa\/#website\"},\"datePublished\":\"2020-06-18T13:41:07+00:00\",\"dateModified\":\"2020-06-18T13:41:07+00:00\",\"breadcrumb\":{\"@id\":\"https:\/\/www.federasul.com.br\/tanamesa\/2020\/06\/18\/nao-e-gestao-de-crise-mas-gestao-do-caos-define-gustavo-ene\/#breadcrumb\"},\"inLanguage\":\"pt-BR\",\"potentialAction\":[{\"@type\":\"ReadAction\",\"target\":[\"https:\/\/www.federasul.com.br\/tanamesa\/2020\/06\/18\/nao-e-gestao-de-crise-mas-gestao-do-caos-define-gustavo-ene\/\"]}]},{\"@type\":\"BreadcrumbList\",\"@id\":\"https:\/\/www.federasul.com.br\/tanamesa\/2020\/06\/18\/nao-e-gestao-de-crise-mas-gestao-do-caos-define-gustavo-ene\/#breadcrumb\",\"itemListElement\":[{\"@type\":\"ListItem\",\"position\":1,\"name\":\"In\u00edcio\",\"item\":\"https:\/\/www.federasul.com.br\/tanamesa\/\"},{\"@type\":\"ListItem\",\"position\":2,\"name\":\"\u201cN\u00e3o \u00e9 gest\u00e3o de crise, mas gest\u00e3o do caos\u201d, define Gustavo Ene\"}]},{\"@type\":\"WebSite\",\"@id\":\"https:\/\/www.federasul.com.br\/tanamesa\/#website\",\"url\":\"https:\/\/www.federasul.com.br\/tanamesa\/\",\"name\":\"Ta na mesa\",\"description\":\"Federasul\",\"publisher\":{\"@id\":\"https:\/\/www.federasul.com.br\/tanamesa\/#organization\"},\"potentialAction\":[{\"@type\":\"SearchAction\",\"target\":{\"@type\":\"EntryPoint\",\"urlTemplate\":\"https:\/\/www.federasul.com.br\/tanamesa\/?s={search_term_string}\"},\"query-input\":\"required name=search_term_string\"}],\"inLanguage\":\"pt-BR\"},{\"@type\":\"Organization\",\"@id\":\"https:\/\/www.federasul.com.br\/tanamesa\/#organization\",\"name\":\"Federasul - Tanamesa\",\"url\":\"https:\/\/www.federasul.com.br\/tanamesa\/\",\"sameAs\":[],\"logo\":{\"@type\":\"ImageObject\",\"inLanguage\":\"pt-BR\",\"@id\":\"https:\/\/www.federasul.com.br\/tanamesa\/#\/schema\/logo\/image\/\",\"url\":\"https:\/\/www.federasul.com.br\/tanamesa\/wp-content\/uploads\/2018\/03\/favicon.jpg\",\"contentUrl\":\"https:\/\/www.federasul.com.br\/tanamesa\/wp-content\/uploads\/2018\/03\/favicon.jpg\",\"width\":101,\"height\":104,\"caption\":\"Federasul - Tanamesa\"},\"image\":{\"@id\":\"https:\/\/www.federasul.com.br\/tanamesa\/#\/schema\/logo\/image\/\"}},{\"@type\":\"Person\",\"@id\":\"https:\/\/www.federasul.com.br\/tanamesa\/#\/schema\/person\/053c69faa3f806606c766e49afb621a3\",\"name\":\"Viviane Quines\",\"image\":{\"@type\":\"ImageObject\",\"inLanguage\":\"pt-BR\",\"@id\":\"https:\/\/www.federasul.com.br\/tanamesa\/#\/schema\/person\/image\/\",\"url\":\"https:\/\/secure.gravatar.com\/avatar\/df0a9802a9c2f0617f5d5bd5ccce79c2?s=96&d=mm&r=g\",\"contentUrl\":\"https:\/\/secure.gravatar.com\/avatar\/df0a9802a9c2f0617f5d5bd5ccce79c2?s=96&d=mm&r=g\",\"caption\":\"Viviane Quines\"},\"url\":\"https:\/\/www.federasul.com.br\/tanamesa\/author\/viviane-quines\/\"}]}<\/script>\n<!-- \/ Yoast SEO plugin. -->","yoast_head_json":{"title":"\u201cN\u00e3o \u00e9 gest\u00e3o de crise, mas gest\u00e3o do caos\u201d, define Gustavo Ene - Ta na mesa","robots":{"index":"index","follow":"follow","max-snippet":"max-snippet:-1","max-image-preview":"max-image-preview:large","max-video-preview":"max-video-preview:-1"},"canonical":"https:\/\/www.federasul.com.br\/tanamesa\/2020\/06\/18\/nao-e-gestao-de-crise-mas-gestao-do-caos-define-gustavo-ene\/","og_locale":"pt_BR","og_type":"article","og_title":"\u201cN\u00e3o \u00e9 gest\u00e3o de crise, mas gest\u00e3o do caos\u201d, define Gustavo Ene - Ta na mesa","og_description":"T\u00e1 na Mesa recebeu o secret\u00e1rio do Minist\u00e9rio da Economia, que falou sobre a\u00e7\u00f5es, programas e projetos do Governo Federal, no \u00e2mbito econ\u00f4mico, contra a pandemia T\u00e1 na Mesa desta quarta-feira foi mediado pela presidente Simone Leite e pelo vice, Anderson Cardoso \u2013 FOTO: REPRODU\u00c7\u00c3O\/FACEBOOK O ga\u00facho e ex-diretor da FEDERASUL, Gustavo Ene, participou da... Leia mais &raquo;","og_url":"https:\/\/www.federasul.com.br\/tanamesa\/2020\/06\/18\/nao-e-gestao-de-crise-mas-gestao-do-caos-define-gustavo-ene\/","og_site_name":"Ta na mesa","article_published_time":"2020-06-18T13:41:07+00:00","og_image":[{"width":1280,"height":720,"url":"https:\/\/www.federasul.com.br\/tanamesa\/wp-content\/uploads\/2020\/06\/WhatsApp-Image-2020-06-10-at-13.31.40.jpeg","type":"image\/jpeg"}],"author":"Viviane Quines","twitter_card":"summary_large_image","twitter_misc":{"Escrito por":"Viviane Quines","Est. tempo de leitura":"4 minutos"},"schema":{"@context":"https:\/\/schema.org","@graph":[{"@type":"Article","@id":"https:\/\/www.federasul.com.br\/tanamesa\/2020\/06\/18\/nao-e-gestao-de-crise-mas-gestao-do-caos-define-gustavo-ene\/#article","isPartOf":{"@id":"https:\/\/www.federasul.com.br\/tanamesa\/2020\/06\/18\/nao-e-gestao-de-crise-mas-gestao-do-caos-define-gustavo-ene\/"},"author":{"name":"Viviane Quines","@id":"https:\/\/www.federasul.com.br\/tanamesa\/#\/schema\/person\/053c69faa3f806606c766e49afb621a3"},"headline":"\u201cN\u00e3o \u00e9 gest\u00e3o de crise, mas gest\u00e3o do caos\u201d, define Gustavo Ene","datePublished":"2020-06-18T13:41:07+00:00","dateModified":"2020-06-18T13:41:07+00:00","mainEntityOfPage":{"@id":"https:\/\/www.federasul.com.br\/tanamesa\/2020\/06\/18\/nao-e-gestao-de-crise-mas-gestao-do-caos-define-gustavo-ene\/"},"wordCount":792,"commentCount":0,"publisher":{"@id":"https:\/\/www.federasul.com.br\/tanamesa\/#organization"},"articleSection":["Aconteceu"],"inLanguage":"pt-BR","potentialAction":[{"@type":"CommentAction","name":"Comment","target":["https:\/\/www.federasul.com.br\/tanamesa\/2020\/06\/18\/nao-e-gestao-de-crise-mas-gestao-do-caos-define-gustavo-ene\/#respond"]}]},{"@type":"WebPage","@id":"https:\/\/www.federasul.com.br\/tanamesa\/2020\/06\/18\/nao-e-gestao-de-crise-mas-gestao-do-caos-define-gustavo-ene\/","url":"https:\/\/www.federasul.com.br\/tanamesa\/2020\/06\/18\/nao-e-gestao-de-crise-mas-gestao-do-caos-define-gustavo-ene\/","name":"\u201cN\u00e3o \u00e9 gest\u00e3o de crise, mas gest\u00e3o do caos\u201d, define Gustavo Ene - Ta na mesa","isPartOf":{"@id":"https:\/\/www.federasul.com.br\/tanamesa\/#website"},"datePublished":"2020-06-18T13:41:07+00:00","dateModified":"2020-06-18T13:41:07+00:00","breadcrumb":{"@id":"https:\/\/www.federasul.com.br\/tanamesa\/2020\/06\/18\/nao-e-gestao-de-crise-mas-gestao-do-caos-define-gustavo-ene\/#breadcrumb"},"inLanguage":"pt-BR","potentialAction":[{"@type":"ReadAction","target":["https:\/\/www.federasul.com.br\/tanamesa\/2020\/06\/18\/nao-e-gestao-de-crise-mas-gestao-do-caos-define-gustavo-ene\/"]}]},{"@type":"BreadcrumbList","@id":"https:\/\/www.federasul.com.br\/tanamesa\/2020\/06\/18\/nao-e-gestao-de-crise-mas-gestao-do-caos-define-gustavo-ene\/#breadcrumb","itemListElement":[{"@type":"ListItem","position":1,"name":"In\u00edcio","item":"https:\/\/www.federasul.com.br\/tanamesa\/"},{"@type":"ListItem","position":2,"name":"\u201cN\u00e3o \u00e9 gest\u00e3o de crise, mas gest\u00e3o do caos\u201d, define Gustavo Ene"}]},{"@type":"WebSite","@id":"https:\/\/www.federasul.com.br\/tanamesa\/#website","url":"https:\/\/www.federasul.com.br\/tanamesa\/","name":"Ta na mesa","description":"Federasul","publisher":{"@id":"https:\/\/www.federasul.com.br\/tanamesa\/#organization"},"potentialAction":[{"@type":"SearchAction","target":{"@type":"EntryPoint","urlTemplate":"https:\/\/www.federasul.com.br\/tanamesa\/?s={search_term_string}"},"query-input":"required name=search_term_string"}],"inLanguage":"pt-BR"},{"@type":"Organization","@id":"https:\/\/www.federasul.com.br\/tanamesa\/#organization","name":"Federasul - Tanamesa","url":"https:\/\/www.federasul.com.br\/tanamesa\/","sameAs":[],"logo":{"@type":"ImageObject","inLanguage":"pt-BR","@id":"https:\/\/www.federasul.com.br\/tanamesa\/#\/schema\/logo\/image\/","url":"https:\/\/www.federasul.com.br\/tanamesa\/wp-content\/uploads\/2018\/03\/favicon.jpg","contentUrl":"https:\/\/www.federasul.com.br\/tanamesa\/wp-content\/uploads\/2018\/03\/favicon.jpg","width":101,"height":104,"caption":"Federasul - Tanamesa"},"image":{"@id":"https:\/\/www.federasul.com.br\/tanamesa\/#\/schema\/logo\/image\/"}},{"@type":"Person","@id":"https:\/\/www.federasul.com.br\/tanamesa\/#\/schema\/person\/053c69faa3f806606c766e49afb621a3","name":"Viviane Quines","image":{"@type":"ImageObject","inLanguage":"pt-BR","@id":"https:\/\/www.federasul.com.br\/tanamesa\/#\/schema\/person\/image\/","url":"https:\/\/secure.gravatar.com\/avatar\/df0a9802a9c2f0617f5d5bd5ccce79c2?s=96&d=mm&r=g","contentUrl":"https:\/\/secure.gravatar.com\/avatar\/df0a9802a9c2f0617f5d5bd5ccce79c2?s=96&d=mm&r=g","caption":"Viviane Quines"},"url":"https:\/\/www.federasul.com.br\/tanamesa\/author\/viviane-quines\/"}]}},"_links":{"self":[{"href":"https:\/\/www.federasul.com.br\/tanamesa\/wp-json\/wp\/v2\/posts\/6701"}],"collection":[{"href":"https:\/\/www.federasul.com.br\/tanamesa\/wp-json\/wp\/v2\/posts"}],"about":[{"href":"https:\/\/www.federasul.com.br\/tanamesa\/wp-json\/wp\/v2\/types\/post"}],"author":[{"embeddable":true,"href":"https:\/\/www.federasul.com.br\/tanamesa\/wp-json\/wp\/v2\/users\/4"}],"replies":[{"embeddable":true,"href":"https:\/\/www.federasul.com.br\/tanamesa\/wp-json\/wp\/v2\/comments?post=6701"}],"version-history":[{"count":0,"href":"https:\/\/www.federasul.com.br\/tanamesa\/wp-json\/wp\/v2\/posts\/6701\/revisions"}],"wp:featuredmedia":[{"embeddable":true,"href":"https:\/\/www.federasul.com.br\/tanamesa\/wp-json\/wp\/v2\/media\/6702"}],"wp:attachment":[{"href":"https:\/\/www.federasul.com.br\/tanamesa\/wp-json\/wp\/v2\/media?parent=6701"}],"wp:term":[{"taxonomy":"category","embeddable":true,"href":"https:\/\/www.federasul.com.br\/tanamesa\/wp-json\/wp\/v2\/categories?post=6701"},{"taxonomy":"post_tag","embeddable":true,"href":"https:\/\/www.federasul.com.br\/tanamesa\/wp-json\/wp\/v2\/tags?post=6701"}],"curies":[{"name":"wp","href":"https:\/\/api.w.org\/{rel}","templated":true}]}}